{"id":17922,"date":"2026-03-10T12:46:12","date_gmt":"2026-03-10T16:46:12","guid":{"rendered":"https:\/\/nichi.ca\/?p=17922"},"modified":"2026-03-10T15:21:53","modified_gmt":"2026-03-10T19:21:53","slug":"17922","status":"publish","type":"post","link":"https:\/\/nichi.ca\/fr\/17922\/","title":{"rendered":"D\u00e9claration\u00a0de\u00a0Logement Coop\u00e9ratif National Autochtone\u00a0Inc.\u202f(NICHI)\u00a0concernant le\u00a0rapport du Comit\u00e9 s\u00e9natorial permanent des banques, du commerce et de l\u2019\u00e9conomie sur\u00a0l\u2019abordabilit\u00e9\u00a0du logement\u00a0"},"content":{"rendered":"\n<p><a href=\"https:\/\/nichi.ca\/wp-content\/uploads\/2026\/03\/Declaration-de-Logement-Cooperatif-National-Autochtone-Inc.-NICHI-concernant-le-rapport-du-Comite-senatorial-permanent-des-banques-du-commerce-et-de-leconomie-sur-labordabilite-du-logement-3.pdf\">https:\/\/nichi.ca\/wp-content\/uploads\/2026\/03\/Declaration-de-Logement-Cooperatif-National-Autochtone-Inc.-NICHI-concernant-le-rapport-du-Comite-senatorial-permanent-des-banques-du-commerce-et-de-leconomie-sur-labordabilite-du-logement-3.pdf<\/a><\/p>\n\n\n\n<p><\/p>\n\n\n\n<p><\/p>\n","protected":false},"excerpt":{"rendered":"<p>https:\/\/nichi.ca\/wp-content\/uploads\/2026\/03\/Declaration-de-Logement-Cooperatif-National-Autochtone-Inc.-NICHI-concernant-le-rapport-du-Comite-senatorial-permanent-des-banques-du-commerce-et-de-leconomie-sur-labordabilite-du-logement-3.pdf<\/p>\n","protected":false},"author":134,"featured_media":0,"comment_status":"closed","ping_status":"closed","sticky":false,"template":"","format":"standard","meta":{"_acf_changed":false,"_monsterinsights_skip_tracking":false,"_monsterinsights_sitenote_active":false,"_monsterinsights_sitenote_note":"","_monsterinsights_sitenote_category":0,"footnotes":"","_links_to":"","_links_to_target":""},"categories":[30,29],"tags":[],"class_list":["post-17922","post","type-post","status-publish","format-standard","hentry","category-news-media-fr","category-press-release-fr"],"acf":[],"yoast_head":"<!-- This site is optimized with the Yoast SEO plugin v27.4 - https:\/\/yoast.com\/product\/yoast-seo-wordpress\/ -->\n<title>D\u00e9claration\u00a0de\u00a0Logement Coop\u00e9ratif National Autochtone\u00a0Inc.\u202f(NICHI)\u00a0concernant le\u00a0rapport du Comit\u00e9 s\u00e9natorial permanent des banques, du commerce et de l\u2019\u00e9conomie sur\u00a0l\u2019abordabilit\u00e9\u00a0du logement\u00a0 - NICHI<\/title>\n<meta name=\"description\" content=\"https:\/\/nichi.ca\/wp-content\/uploads\/2026\/03\/Declaration-de-Logement-Cooperatif-National-Autochtone-Inc.-NICHI-concernant-le-rapport-du-Comite-senatorial-per\" \/>\n<meta name=\"robots\" content=\"index, follow, max-snippet:-1, max-image-preview:large, max-video-preview:-1\" \/>\n<link rel=\"canonical\" href=\"https:\/\/nichi.ca\/fr\/17922\/\" \/>\n<meta property=\"og:locale\" content=\"fr_FR\" \/>\n<meta property=\"og:type\" content=\"article\" \/>\n<meta property=\"og:title\" content=\"D\u00e9claration\u00a0de\u00a0Logement Coop\u00e9ratif National Autochtone\u00a0Inc.\u202f(NICHI)\u00a0concernant le\u00a0rapport du Comit\u00e9 s\u00e9natorial permanent des banques, du commerce et de l\u2019\u00e9conomie sur\u00a0l\u2019abordabilit\u00e9\u00a0du logement\u00a0 - NICHI\" \/>\n<meta property=\"og:description\" content=\"https:\/\/nichi.ca\/wp-content\/uploads\/2026\/03\/Declaration-de-Logement-Cooperatif-National-Autochtone-Inc.-NICHI-concernant-le-rapport-du-Comite-senatorial-per\" \/>\n<meta property=\"og:url\" content=\"https:\/\/nichi.ca\/fr\/17922\/\" \/>\n<meta property=\"og:site_name\" content=\"NICHI\" \/>\n<meta property=\"article:published_time\" content=\"2026-03-10T16:46:12+00:00\" \/>\n<meta property=\"article:modified_time\" content=\"2026-03-10T19:21:53+00:00\" \/>\n<meta name=\"author\" content=\"Kelly Patrick\" \/>\n<meta name=\"twitter:card\" content=\"summary_large_image\" \/>\n<meta name=\"twitter:label1\" content=\"\u00c9crit par\" \/>\n\t<meta name=\"twitter:data1\" content=\"Kelly Patrick\" \/>\n\t<meta name=\"twitter:label2\" content=\"Dur\u00e9e de lecture estim\u00e9e\" \/>\n\t<meta name=\"twitter:data2\" content=\"1 minute\" \/>\n<script type=\"application\/ld+json\" class=\"yoast-schema-graph\">{\"@context\":\"https:\\\/\\\/schema.org\",\"@graph\":[{\"@type\":\"Article\",\"@id\":\"https:\\\/\\\/nichi.ca\\\/fr\\\/17922\\\/#article\",\"isPartOf\":{\"@id\":\"https:\\\/\\\/nichi.ca\\\/fr\\\/17922\\\/\"},\"author\":{\"name\":\"Kelly Patrick\",\"@id\":\"https:\\\/\\\/nichi.ca\\\/fr\\\/#\\\/schema\\\/person\\\/8f40dc3c5221e5dcb15b8db42cb96192\"},\"headline\":\"D\u00e9claration\u00a0de\u00a0Logement Coop\u00e9ratif National Autochtone\u00a0Inc.\u202f(NICHI)\u00a0concernant le\u00a0rapport du Comit\u00e9 s\u00e9natorial permanent des banques, du commerce et de l\u2019\u00e9conomie sur\u00a0l\u2019abordabilit\u00e9\u00a0du logement\u00a0\",\"datePublished\":\"2026-03-10T16:46:12+00:00\",\"dateModified\":\"2026-03-10T19:21:53+00:00\",\"mainEntityOfPage\":{\"@id\":\"https:\\\/\\\/nichi.ca\\\/fr\\\/17922\\\/\"},\"wordCount\":39,\"articleSection\":[\"Actualit\u00e9s et m\u00e9dias\",\"Communiqu\u00e9 de presse\"],\"inLanguage\":\"fr-FR\"},{\"@type\":\"WebPage\",\"@id\":\"https:\\\/\\\/nichi.ca\\\/fr\\\/17922\\\/\",\"url\":\"https:\\\/\\\/nichi.ca\\\/fr\\\/17922\\\/\",\"name\":\"D\u00e9claration\u00a0de\u00a0Logement Coop\u00e9ratif National Autochtone\u00a0Inc.\u202f(NICHI)\u00a0concernant le\u00a0rapport du Comit\u00e9 s\u00e9natorial permanent des banques, du commerce et de l\u2019\u00e9conomie sur\u00a0l\u2019abordabilit\u00e9\u00a0du logement\u00a0 - NICHI\",\"isPartOf\":{\"@id\":\"https:\\\/\\\/nichi.ca\\\/fr\\\/#website\"},\"datePublished\":\"2026-03-10T16:46:12+00:00\",\"dateModified\":\"2026-03-10T19:21:53+00:00\",\"author\":{\"@id\":\"https:\\\/\\\/nichi.ca\\\/fr\\\/#\\\/schema\\\/person\\\/8f40dc3c5221e5dcb15b8db42cb96192\"},\"description\":\"https:\\\/\\\/nichi.ca\\\/wp-content\\\/uploads\\\/2026\\\/03\\\/Declaration-de-Logement-Cooperatif-National-Autochtone-Inc.-NICHI-concernant-le-rapport-du-Comite-senatorial-per\",\"breadcrumb\":{\"@id\":\"https:\\\/\\\/nichi.ca\\\/fr\\\/17922\\\/#breadcrumb\"},\"inLanguage\":\"fr-FR\",\"potentialAction\":[{\"@type\":\"ReadAction\",\"target\":[\"https:\\\/\\\/nichi.ca\\\/fr\\\/17922\\\/\"]}]},{\"@type\":\"BreadcrumbList\",\"@id\":\"https:\\\/\\\/nichi.ca\\\/fr\\\/17922\\\/#breadcrumb\",\"itemListElement\":[{\"@type\":\"ListItem\",\"position\":1,\"name\":\"Home\",\"item\":\"https:\\\/\\\/nichi.ca\\\/fr\\\/\"},{\"@type\":\"ListItem\",\"position\":2,\"name\":\"D\u00e9claration\u00a0de\u00a0Logement Coop\u00e9ratif National Autochtone\u00a0Inc.\u202f(NICHI)\u00a0concernant le\u00a0rapport du Comit\u00e9 s\u00e9natorial permanent des banques, du commerce et de l\u2019\u00e9conomie sur\u00a0l\u2019abordabilit\u00e9\u00a0du logement\u00a0\"}]},{\"@type\":\"WebSite\",\"@id\":\"https:\\\/\\\/nichi.ca\\\/fr\\\/#website\",\"url\":\"https:\\\/\\\/nichi.ca\\\/fr\\\/\",\"name\":\"NICHI\",\"description\":\"National Indigenous Collaborative Housing Incorporated\",\"potentialAction\":[{\"@type\":\"SearchAction\",\"target\":{\"@type\":\"EntryPoint\",\"urlTemplate\":\"https:\\\/\\\/nichi.ca\\\/fr\\\/?s={search_term_string}\"},\"query-input\":{\"@type\":\"PropertyValueSpecification\",\"valueRequired\":true,\"valueName\":\"search_term_string\"}}],\"inLanguage\":\"fr-FR\"},{\"@type\":\"Person\",\"@id\":\"https:\\\/\\\/nichi.ca\\\/fr\\\/#\\\/schema\\\/person\\\/8f40dc3c5221e5dcb15b8db42cb96192\",\"name\":\"Kelly Patrick\",\"image\":{\"@type\":\"ImageObject\",\"inLanguage\":\"fr-FR\",\"@id\":\"https:\\\/\\\/secure.gravatar.com\\\/avatar\\\/bba48fc3b1bb964c06e57a3fde54e29d4119f410f863865a3b6342c7d0ccb93d?s=96&d=mm&r=g\",\"url\":\"https:\\\/\\\/secure.gravatar.com\\\/avatar\\\/bba48fc3b1bb964c06e57a3fde54e29d4119f410f863865a3b6342c7d0ccb93d?s=96&d=mm&r=g\",\"contentUrl\":\"https:\\\/\\\/secure.gravatar.com\\\/avatar\\\/bba48fc3b1bb964c06e57a3fde54e29d4119f410f863865a3b6342c7d0ccb93d?s=96&d=mm&r=g\",\"caption\":\"Kelly Patrick\"},\"sameAs\":[\"https:\\\/\\\/nichi.ca\\\/\"],\"url\":\"https:\\\/\\\/nichi.ca\\\/fr\\\/author\\\/nichi-communications\\\/\"}]}<\/script>\n<!-- \/ Yoast SEO plugin. -->","yoast_head_json":{"title":"D\u00e9claration\u00a0de\u00a0Logement Coop\u00e9ratif National Autochtone\u00a0Inc.\u202f(NICHI)\u00a0concernant le\u00a0rapport du Comit\u00e9 s\u00e9natorial permanent des banques, du commerce et de l\u2019\u00e9conomie sur\u00a0l\u2019abordabilit\u00e9\u00a0du logement\u00a0 - NICHI","description":"https:\/\/nichi.ca\/wp-content\/uploads\/2026\/03\/Declaration-de-Logement-Cooperatif-National-Autochtone-Inc.-NICHI-concernant-le-rapport-du-Comite-senatorial-per","robots":{"index":"index","follow":"follow","max-snippet":"max-snippet:-1","max-image-preview":"max-image-preview:large","max-video-preview":"max-video-preview:-1"},"canonical":"https:\/\/nichi.ca\/fr\/17922\/","og_locale":"fr_FR","og_type":"article","og_title":"D\u00e9claration\u00a0de\u00a0Logement Coop\u00e9ratif National Autochtone\u00a0Inc.\u202f(NICHI)\u00a0concernant le\u00a0rapport du Comit\u00e9 s\u00e9natorial permanent des banques, du commerce et de l\u2019\u00e9conomie sur\u00a0l\u2019abordabilit\u00e9\u00a0du logement\u00a0 - NICHI","og_description":"https:\/\/nichi.ca\/wp-content\/uploads\/2026\/03\/Declaration-de-Logement-Cooperatif-National-Autochtone-Inc.-NICHI-concernant-le-rapport-du-Comite-senatorial-per","og_url":"https:\/\/nichi.ca\/fr\/17922\/","og_site_name":"NICHI","article_published_time":"2026-03-10T16:46:12+00:00","article_modified_time":"2026-03-10T19:21:53+00:00","author":"Kelly Patrick","twitter_card":"summary_large_image","twitter_misc":{"\u00c9crit par":"Kelly Patrick","Dur\u00e9e de lecture estim\u00e9e":"1 minute"},"schema":{"@context":"https:\/\/schema.org","@graph":[{"@type":"Article","@id":"https:\/\/nichi.ca\/fr\/17922\/#article","isPartOf":{"@id":"https:\/\/nichi.ca\/fr\/17922\/"},"author":{"name":"Kelly Patrick","@id":"https:\/\/nichi.ca\/fr\/#\/schema\/person\/8f40dc3c5221e5dcb15b8db42cb96192"},"headline":"D\u00e9claration\u00a0de\u00a0Logement Coop\u00e9ratif National Autochtone\u00a0Inc.\u202f(NICHI)\u00a0concernant le\u00a0rapport du Comit\u00e9 s\u00e9natorial permanent des banques, du commerce et de l\u2019\u00e9conomie sur\u00a0l\u2019abordabilit\u00e9\u00a0du logement\u00a0","datePublished":"2026-03-10T16:46:12+00:00","dateModified":"2026-03-10T19:21:53+00:00","mainEntityOfPage":{"@id":"https:\/\/nichi.ca\/fr\/17922\/"},"wordCount":39,"articleSection":["Actualit\u00e9s et m\u00e9dias","Communiqu\u00e9 de presse"],"inLanguage":"fr-FR"},{"@type":"WebPage","@id":"https:\/\/nichi.ca\/fr\/17922\/","url":"https:\/\/nichi.ca\/fr\/17922\/","name":"D\u00e9claration\u00a0de\u00a0Logement Coop\u00e9ratif National Autochtone\u00a0Inc.\u202f(NICHI)\u00a0concernant le\u00a0rapport du Comit\u00e9 s\u00e9natorial permanent des banques, du commerce et de l\u2019\u00e9conomie sur\u00a0l\u2019abordabilit\u00e9\u00a0du logement\u00a0 - NICHI","isPartOf":{"@id":"https:\/\/nichi.ca\/fr\/#website"},"datePublished":"2026-03-10T16:46:12+00:00","dateModified":"2026-03-10T19:21:53+00:00","author":{"@id":"https:\/\/nichi.ca\/fr\/#\/schema\/person\/8f40dc3c5221e5dcb15b8db42cb96192"},"description":"https:\/\/nichi.ca\/wp-content\/uploads\/2026\/03\/Declaration-de-Logement-Cooperatif-National-Autochtone-Inc.-NICHI-concernant-le-rapport-du-Comite-senatorial-per","breadcrumb":{"@id":"https:\/\/nichi.ca\/fr\/17922\/#breadcrumb"},"inLanguage":"fr-FR","potentialAction":[{"@type":"ReadAction","target":["https:\/\/nichi.ca\/fr\/17922\/"]}]},{"@type":"BreadcrumbList","@id":"https:\/\/nichi.ca\/fr\/17922\/#breadcrumb","itemListElement":[{"@type":"ListItem","position":1,"name":"Home","item":"https:\/\/nichi.ca\/fr\/"},{"@type":"ListItem","position":2,"name":"D\u00e9claration\u00a0de\u00a0Logement Coop\u00e9ratif National Autochtone\u00a0Inc.\u202f(NICHI)\u00a0concernant le\u00a0rapport du Comit\u00e9 s\u00e9natorial permanent des banques, du commerce et de l\u2019\u00e9conomie sur\u00a0l\u2019abordabilit\u00e9\u00a0du logement\u00a0"}]},{"@type":"WebSite","@id":"https:\/\/nichi.ca\/fr\/#website","url":"https:\/\/nichi.ca\/fr\/","name":"NICHI","description":"National Indigenous Collaborative Housing Incorporated","potentialAction":[{"@type":"SearchAction","target":{"@type":"EntryPoint","urlTemplate":"https:\/\/nichi.ca\/fr\/?s={search_term_string}"},"query-input":{"@type":"PropertyValueSpecification","valueRequired":true,"valueName":"search_term_string"}}],"inLanguage":"fr-FR"},{"@type":"Person","@id":"https:\/\/nichi.ca\/fr\/#\/schema\/person\/8f40dc3c5221e5dcb15b8db42cb96192","name":"Kelly Patrick","image":{"@type":"ImageObject","inLanguage":"fr-FR","@id":"https:\/\/secure.gravatar.com\/avatar\/bba48fc3b1bb964c06e57a3fde54e29d4119f410f863865a3b6342c7d0ccb93d?s=96&d=mm&r=g","url":"https:\/\/secure.gravatar.com\/avatar\/bba48fc3b1bb964c06e57a3fde54e29d4119f410f863865a3b6342c7d0ccb93d?s=96&d=mm&r=g","contentUrl":"https:\/\/secure.gravatar.com\/avatar\/bba48fc3b1bb964c06e57a3fde54e29d4119f410f863865a3b6342c7d0ccb93d?s=96&d=mm&r=g","caption":"Kelly Patrick"},"sameAs":["https:\/\/nichi.ca\/"],"url":"https:\/\/nichi.ca\/fr\/author\/nichi-communications\/"}]}},"_links":{"self":[{"href":"https:\/\/nichi.ca\/fr\/wp-json\/wp\/v2\/posts\/17922","targetHints":{"allow":["GET"]}}],"collection":[{"href":"https:\/\/nichi.ca\/fr\/wp-json\/wp\/v2\/posts"}],"about":[{"href":"https:\/\/nichi.ca\/fr\/wp-json\/wp\/v2\/types\/post"}],"author":[{"embeddable":true,"href":"https:\/\/nichi.ca\/fr\/wp-json\/wp\/v2\/users\/134"}],"replies":[{"embeddable":true,"href":"https:\/\/nichi.ca\/fr\/wp-json\/wp\/v2\/comments?post=17922"}],"version-history":[{"count":3,"href":"https:\/\/nichi.ca\/fr\/wp-json\/wp\/v2\/posts\/17922\/revisions"}],"predecessor-version":[{"id":17935,"href":"https:\/\/nichi.ca\/fr\/wp-json\/wp\/v2\/posts\/17922\/revisions\/17935"}],"wp:attachment":[{"href":"https:\/\/nichi.ca\/fr\/wp-json\/wp\/v2\/media?parent=17922"}],"wp:term":[{"taxonomy":"category","embeddable":true,"href":"https:\/\/nichi.ca\/fr\/wp-json\/wp\/v2\/categories?post=17922"},{"taxonomy":"post_tag","embeddable":true,"href":"https:\/\/nichi.ca\/fr\/wp-json\/wp\/v2\/tags?post=17922"}],"curies":[{"name":"wp","href":"https:\/\/api.w.org\/{rel}","templated":true}]}}